[{"@context":"https:\/\/schema.org\/","@type":"Article","@id":"https:\/\/www.amoresperros.cz\/stat-se-pestounem-neni-zadna-legrace\/#Article","mainEntityOfPage":"https:\/\/www.amoresperros.cz\/stat-se-pestounem-neni-zadna-legrace\/","headline":"St\u00e1t se p\u011bstounem nen\u00ed \u017e\u00e1dn\u00e1 legrace","name":"St\u00e1t se p\u011bstounem nen\u00ed \u017e\u00e1dn\u00e1 legrace","description":"Ka\u017ed\u00fd kdo m\u00e1 svou rodinu a vzpom\u00ednky na spokojen\u00e9 d\u011btstv\u00ed, se pozastavuje nad osudem d\u011bt\u00ed, kter\u00e9 nemohou vyr\u016fstat se sv\u00fdmi rodi\u010di. Modern\u00ed p\u0159\u00edstup k\u00a0p\u00e9\u010di o <a class=\"mh-excerpt-more\" href=\"https:\/\/www.amoresperros.cz\/stat-se-pestounem-neni-zadna-legrace\/\" title=\"St\u00e1t se p\u011bstounem nen\u00ed \u017e\u00e1dn\u00e1 legrace\">[...]<\/a>","datePublished":"2025-02-28","dateModified":"2023-04-29","author":{"@type":"Person","@id":"https:\/\/www.amoresperros.cz\/author\/#Person","name":"amoresperros.cz\n","url":"https:\/\/www.amoresperros.cz\/author\/","identifier":1,"image":{"@type":"ImageObject","@id":"https:\/\/secure.gravatar.com\/avatar\/c61c2d82e330ff9c70cf023b4c62d411e8407bcb38f85df591fa270717754b44?s=96&d=mm&r=g","url":"https:\/\/secure.gravatar.com\/avatar\/c61c2d82e330ff9c70cf023b4c62d411e8407bcb38f85df591fa270717754b44?s=96&d=mm&r=g","height":96,"width":96}},"publisher":{"@type":"Organization","name":"amoresperros.cz","logo":{"@type":"ImageObject","@id":"\/logo.png","url":"\/logo.png","width":600,"height":60}},"image":{"@type":"ImageObject","@id":"https:\/\/www.amoresperros.cz\/wp-content\/uploads\/img_a299559_w1888_t1509473096.jpg","url":"https:\/\/www.amoresperros.cz\/wp-content\/uploads\/img_a299559_w1888_t1509473096.jpg","height":0,"width":0},"url":"https:\/\/www.amoresperros.cz\/stat-se-pestounem-neni-zadna-legrace\/","about":["Bydlen\u00ed"],"wordCount":570,"articleBody":"\tKa\u017ed\u00fd kdo m\u00e1 svou rodinu a vzpom\u00ednky na spokojen\u00e9 d\u011btstv\u00ed, se pozastavuje nad osudem d\u011bt\u00ed, kter\u00e9 nemohou vyr\u016fstat se sv\u00fdmi rodi\u010di. Modern\u00ed p\u0159\u00edstup k\u00a0p\u00e9\u010di o tyto d\u011bti klade velk\u00fd d\u016fraz na to, aby vyr\u016fstaly v\u00a0rodin\u011b, i kdy\u017e ne t\u00e9 vlastn\u00ed. Up\u0159ednost\u0148uje se tedy rodinn\u00e1 p\u00e9\u010de p\u0159ed p\u00e9\u010d\u00ed \u00fastavn\u00ed. U d\u011bt\u00ed, kter\u00e9 nejsou takzvan\u011b pr\u00e1vn\u011b voln\u00e9, kdy maj\u00ed rodi\u010de st\u00e1le rodi\u010dovsk\u00e1 pr\u00e1va ponech\u00e1na, av\u0161ak o d\u011bti se nezaj\u00edmaj\u00ed a nen\u00ed p\u0159edpoklad brzk\u00e9ho n\u00e1vratu do p\u016fvodn\u00ed rodiny, se jako vhodn\u00e9 jev\u00ed p\u011bstounsk\u00e1 p\u00e9\u010de.P\u011bstounstv\u00ed, jako jedna z\u00a0forem n\u00e1hradn\u00ed rodinn\u00e9 p\u00e9\u010de, je v\u00a0podv\u011bdom\u00ed lid\u00ed hodn\u011b roz\u0161\u00ed\u0159eno, m\u00e1lokdo v\u0161ak v\u00ed, jak\u00e9 jsou podm\u00ednky pro to, aby se \u010dlov\u011bk stal p\u011bstounem. Oby\u010dejn\u00e9 rozhodnut\u00ed samotn\u00e9ho \u010dlov\u011bka nesta\u010d\u00ed. Pokud se n\u011bkdo rozhodne, \u017ee by r\u00e1d pomohl d\u011btem bez domova a poskytnul jim tak bezpe\u010d\u00ed, l\u00e1sku a pot\u0159ebn\u00e9 z\u00e1zem\u00ed, mus\u00ed si podat \u017e\u00e1dost na p\u0159\u00edslu\u0161n\u00e9m obecn\u00edm \u00fa\u0159ad\u011b. P\u011bstounem se mohou st\u00e1t jak jednotlivci, tak man\u017eel\u00e9.\tSoci\u00e1ln\u00ed pracovn\u00edci vyhodnot\u00ed, zda je osoba vhodn\u00e1 st\u00e1t se p\u011bstounem na z\u00e1klad\u011b podrobn\u00fdch pohovor\u016f i \u0161et\u0159en\u00ed v\u00a0jeho dom\u00e1cnosti a zji\u0161t\u011bn\u00ed motivace. N\u00e1sledn\u011b je \u017e\u00e1dost postoupena k\u00a0dal\u0161\u00edmu \u0159e\u0161en\u00ed krajsk\u00e9mu \u00fa\u0159adu. V\u00a0re\u017eii krajsk\u00fdch \u00fa\u0159ad\u016f je pak \u017e\u00e1dost dov\u00e9zt do konce, tedy vydat rozhodnut\u00ed o vhodnosti st\u00e1t se p\u011bstounem. Je\u0161t\u011b p\u0159edt\u00edm v\u0161ak mus\u00ed \u017eadatel, nebo \u017eadatel\u00e9 podstoupit takzvanou p\u0159\u00edpravu. Jedn\u00e1 v\u00a0podstat\u011b o \u0161kolen\u00ed v\u00a0rozsahu 24 hodin, spojen\u00e9 s\u00a0psychologick\u00fdm posouzen\u00edm a praktick\u00fdmi n\u00e1cviky r\u016fzn\u00fdch situac\u00ed. Tyto p\u0159\u00edpravy vedou psychologov\u00e9 a vyhotov\u00ed pak na \u017eadatele posudek. P\u011bstounem by m\u011bla b\u00fdt osoba po v\u0161ech str\u00e1nk\u00e1ch d\u016fkladn\u011b prov\u011b\u0159en\u00e1 a schopn\u00e1 \u0159\u00e1dn\u011b vychov\u00e1vat a pe\u010dovat o sv\u011b\u0159en\u00e9 d\u011bti. V\u00a0p\u0159\u00edpad\u011b, \u017ee bude \u017eadatel shled\u00e1n jako vhodn\u00fd, vyd\u00e1 krajsk\u00fd \u00fa\u0159ad zmi\u0148ovan\u00e9 rozhodnut\u00ed.\t\u00a0Od t\u00e9 doby je \u017eadatel osobou vhodnou st\u00e1t se p\u011bstounem, nikoliv v\u0161ak p\u011bstounem samotn\u00fdm. Je za\u0159azen v\u00a0datab\u00e1zi krajsk\u00e9ho \u00fa\u0159adu a \u010dek\u00e1, a\u017e bude vybr\u00e1n jako vhodn\u00fd pro konkr\u00e9tn\u00ed d\u00edt\u011b. Syst\u00e9m n\u00e1hradn\u00ed rodinn\u00e9 p\u00e9\u010de u n\u00e1s nefunguje tak, \u017ee by se sh\u00e1n\u011bly d\u011bti \u017eadatel\u016fm, ale hledaj\u00ed se vhodn\u00e9 rodiny pro konkr\u00e9tn\u00ed d\u011bti. Proto\u017ee pr\u00e1v\u011b o d\u011bti jde v\u00a0prvn\u00ed \u0159ad\u011b.\tP\u011bstounem samotn\u00fdm se tedy \u010dlov\u011bk stane, a\u017e kdy\u017e je vybr\u00e1n jako vhodn\u00fd pro ur\u010dit\u00e9 d\u00edt\u011b, nebo skupinu d\u011bt\u00ed a rozhodnut\u00edm to stvrd\u00ed soud. N\u00e1sledn\u011b vykon\u00e1v\u00e1 svou funkci a spolupracuje, dle z\u00e1kona s\u00a0org\u00e1nem soci\u00e1ln\u011b-pr\u00e1vn\u00ed ochrany d\u011bt\u00ed a s\u00a0organizac\u00ed, kter\u00e1 jej v\u00a0p\u011bstounstv\u00ed doprov\u00e1z\u00ed. P\u011bstounstv\u00ed je u n\u00e1s vn\u00edm\u00e1no jako zam\u011bstn\u00e1n\u00ed, a proto dost\u00e1v\u00e1 p\u011bstoun d\u00e1vky, je\u017e jsou br\u00e1ny jako mzda. Doba v\u00fdkonu t\u00e9to \u010dinnosti je po\u010d\u00edt\u00e1na jako doba poji\u0161t\u011bn\u00ed pro vznik n\u00e1roku na d\u016fchod.                                                                                                                                                                                                                                                                                                                                                                                        4.5\/5 - (6 votes)        "},{"@context":"https:\/\/schema.org\/","@type":"BreadcrumbList","itemListElement":[{"@type":"ListItem","position":1,"name":"St\u00e1t se p\u011bstounem nen\u00ed \u017e\u00e1dn\u00e1 legrace","item":"https:\/\/www.amoresperros.cz\/stat-se-pestounem-neni-zadna-legrace\/#breadcrumbitem"}]}]