[{"@context":"https:\/\/schema.org\/","@type":"Article","@id":"https:\/\/www.amoresperros.cz\/lavicku-nemusite-vyuzivat-jen-v-parku\/#Article","mainEntityOfPage":"https:\/\/www.amoresperros.cz\/lavicku-nemusite-vyuzivat-jen-v-parku\/","headline":"Lavi\u010dku nemus\u00edte vyu\u017e\u00edvat jen v parku","name":"Lavi\u010dku nemus\u00edte vyu\u017e\u00edvat jen v parku","description":"Mysl\u00edte si, \u017ee i v men\u0161\u00ed chodbi\u010dce sv\u00e9ho bytu nenajdete m\u00edste\u010dko pro \u0161ikovnou lavi\u010dku, , kterou m\u016f\u017eete vyu\u017e\u00edt na mnoho zp\u016fsob\u016f? Jak to u V\u00e1s <a class=\"mh-excerpt-more\" href=\"https:\/\/www.amoresperros.cz\/lavicku-nemusite-vyuzivat-jen-v-parku\/\" title=\"Lavi\u010dku nemus\u00edte vyu\u017e\u00edvat jen v parku\">[...]<\/a>","datePublished":"2017-05-12","dateModified":"2023-04-29","author":{"@type":"Person","@id":"https:\/\/www.amoresperros.cz\/author\/#Person","name":"amoresperros.cz\n","url":"https:\/\/www.amoresperros.cz\/author\/","identifier":1,"image":{"@type":"ImageObject","@id":"https:\/\/secure.gravatar.com\/avatar\/c61c2d82e330ff9c70cf023b4c62d411e8407bcb38f85df591fa270717754b44?s=96&d=mm&r=g","url":"https:\/\/secure.gravatar.com\/avatar\/c61c2d82e330ff9c70cf023b4c62d411e8407bcb38f85df591fa270717754b44?s=96&d=mm&r=g","height":96,"width":96}},"publisher":{"@type":"Organization","name":"amoresperros.cz","logo":{"@type":"ImageObject","@id":"\/logo.png","url":"\/logo.png","width":600,"height":60}},"image":{"@type":"ImageObject","@id":"https:\/\/www.amoresperros.cz\/wp-content\/uploads\/img_a290798_w1888_t1503515276.jpg","url":"https:\/\/www.amoresperros.cz\/wp-content\/uploads\/img_a290798_w1888_t1503515276.jpg","height":0,"width":0},"url":"https:\/\/www.amoresperros.cz\/lavicku-nemusite-vyuzivat-jen-v-parku\/","about":["Bydlen\u00ed"],"wordCount":418,"articleBody":"  Mysl\u00edte si, \u017ee i v men\u0161\u00ed chodbi\u010dce sv\u00e9ho bytu nenajdete m\u00edste\u010dko pro \u0161ikovnou lavi\u010dku, , kterou m\u016f\u017eete vyu\u017e\u00edt na mnoho zp\u016fsob\u016f? Jak to u V\u00e1s p\u0159i odchodu do pr\u00e1ce vypad\u00e1?  Ur\u010dit\u011b m\u00e1te cel\u00fd odchod napl\u00e1novan\u00fd tak, abyste stihli m\u011bstskou hromadnou dopravu. \u00b7 Tak\u017ee se obouv\u00e1te ve stoje, nebo v p\u0159edklonu, \u00b7 s posledn\u00edm kritick\u00fdm pohledem do zrcadla zjist\u00edte, \u017ee by V\u00e1\u0161 \u00fa\u010des snesl je\u0161t\u011b n\u011bjak\u00e9 to hr\u00e1bnut\u00ed h\u0159ebenem, \u00b7 tak\u017ee polo\u017e\u00edte kabelku na zem, proto\u017ee nen\u00ed jin\u00e1 mo\u017enost, \u00b7 a po \u00faprav\u011b neposedn\u00e9 vlny ve vlasech u\u010din\u00edte \u00fakrok \u00b7 a, ejhle, zakopnete o kabelku, kter\u00e1 tam jindy nem\u00e1 sv\u00e9 m\u00edsto. P\u0159i takov\u00e9m za\u0161kobrtnut\u00ed se ale m\u016f\u017ee st\u00e1t cokoliv. Ukopnut\u00ed palce, zvrtnut\u00ed kotn\u00edku, mod\u0159iny v d\u016fsledku p\u00e1du na podlahu, nebo na st\u011bnu chodby. A mo\u017en\u00e1 ani nestihnete MHD.  Nen\u00ed jednodu\u0161\u0161\u00ed po\u0159\u00eddit si lavici do chodby, kter\u00e1 nebude p\u0159ek\u00e1\u017eet, a p\u0159itom poskytne takov\u00e9 slu\u017eby? Ur\u010dit\u011b se nevymlouvejte, \u017ee se V\u00e1m do chodby u\u017e \u017e\u00e1dn\u00fd n\u00e1bytek nevejde. Pro Va\u0161e pohodl\u00ed a bezstarostn\u00e9 odchody do pr\u00e1ce V\u00e1m mal\u00e1 lavice poslou\u017e\u00ed na \u00farovni. Kdy\u017e si jen p\u0159edstav\u00edte, \u017ee se m\u016f\u017eete obouvat vsed\u011b a kabelku m\u016f\u017eete odlo\u017eit na lavici, zat\u00edmco se budete v\u011bnovat posledn\u00edm \u00faprav\u00e1m sv\u00e9ho zevn\u011bj\u0161ku p\u0159ed odchodem z bytu, a to bez drobn\u00fdch nehod, ur\u010dit\u011b za\u010dnete o t\u00e9to variant\u011b p\u0159em\u00fd\u0161let v re\u00e1ln\u00fdch obrysech. Nakonec \u2013 v byt\u011b ji vyu\u017eijete i na jin\u00fdch m\u00edstech. Nemus\u00edte lavici vyu\u017e\u00edt pouze v chodb\u011b sv\u00e9ho bytu. V\u0161ak se v jin\u00e9m designu hod\u00ed i na jin\u00e1 m\u00edsta v byt\u011b. \u00b7 Co t\u0159eba kuchyn\u011b? Nepot\u0159ebujete si rychle odpo\u010dinout, ale od spor\u00e1ku odej\u00edt nem\u016f\u017eete? Co\u017e si odpo\u010dinout na lavici, ze kter\u00e9 na spor\u00e1k vid\u00edte? \u00b7 Nebo koupelna? Odlo\u017eit si na ni v\u011bci, kter\u00e9 si vezmete hned po koupeli? \u00b7 A co d\u011btsk\u00fd pokoj? Tam se bude Va\u0161emu potomkovi hodit na cokoliv. \u00b7 A v lo\u017enici jej\u00ed vyu\u017eit\u00ed tak\u00e9 najdete. Mo\u017en\u00e1 u\u017e ani nen\u00ed t\u0159eba p\u0159ipom\u00ednat jednotliv\u00e9 m\u00edstnosti bytu, abyste sami nep\u0159i\u0161li na prakti\u010dnost lavic v r\u016fzn\u00e9m designu a proveden\u00ed.                                                                                                                                                                                                                                                                                                                                                                                           4.3\/5 - (6 votes)        "},{"@context":"https:\/\/schema.org\/","@type":"BreadcrumbList","itemListElement":[{"@type":"ListItem","position":1,"name":"Lavi\u010dku nemus\u00edte vyu\u017e\u00edvat jen v parku","item":"https:\/\/www.amoresperros.cz\/lavicku-nemusite-vyuzivat-jen-v-parku\/#breadcrumbitem"}]}]