[{"@context":"https:\/\/schema.org\/","@type":"Article","@id":"https:\/\/www.amoresperros.cz\/deti-skolniho-veku-jsou-nejcasteji-zavisle-na-chytrem-telefonu\/#Article","mainEntityOfPage":"https:\/\/www.amoresperros.cz\/deti-skolniho-veku-jsou-nejcasteji-zavisle-na-chytrem-telefonu\/","headline":"D\u011bti \u0161koln\u00edho v\u011bku jsou nej\u010dast\u011bji z\u00e1visl\u00e9 na chytr\u00e9m telefonu","name":"D\u011bti \u0161koln\u00edho v\u011bku jsou nej\u010dast\u011bji z\u00e1visl\u00e9 na chytr\u00e9m telefonu","description":"D\u011btitr\u00e1v\u00ed \u010d\u00edm d\u00e1l t\u00edm v\u00edce sv\u00e9ho \u010dasu na telefonech, tabletech, po\u010d\u00edta\u010d\u00edch a dal\u0161\u00edch elektronick\u00fdch za\u0159\u00edzen\u00ed. U\u017e i samotn\u00ed l\u00e9ka\u0159i tvrd\u00ed, \u017ee u\u017e hodina denn\u011b na <a class=\"mh-excerpt-more\" href=\"https:\/\/www.amoresperros.cz\/deti-skolniho-veku-jsou-nejcasteji-zavisle-na-chytrem-telefonu\/\" title=\"D\u011bti \u0161koln\u00edho v\u011bku jsou nej\u010dast\u011bji z\u00e1visl\u00e9 na chytr\u00e9m telefonu\">[...]<\/a>","datePublished":"2017-07-26","dateModified":"2023-04-29","author":{"@type":"Person","@id":"https:\/\/www.amoresperros.cz\/author\/#Person","name":"amoresperros.cz\n","url":"https:\/\/www.amoresperros.cz\/author\/","identifier":1,"image":{"@type":"ImageObject","@id":"https:\/\/secure.gravatar.com\/avatar\/c61c2d82e330ff9c70cf023b4c62d411e8407bcb38f85df591fa270717754b44?s=96&d=mm&r=g","url":"https:\/\/secure.gravatar.com\/avatar\/c61c2d82e330ff9c70cf023b4c62d411e8407bcb38f85df591fa270717754b44?s=96&d=mm&r=g","height":96,"width":96}},"publisher":{"@type":"Organization","name":"amoresperros.cz","logo":{"@type":"ImageObject","@id":"\/logo.png","url":"\/logo.png","width":600,"height":60}},"image":{"@type":"ImageObject","@id":"https:\/\/www.amoresperros.cz\/wp-content\/uploads\/img_a294562_w1888_t1506443667.jpg","url":"https:\/\/www.amoresperros.cz\/wp-content\/uploads\/img_a294562_w1888_t1506443667.jpg","height":0,"width":0},"url":"https:\/\/www.amoresperros.cz\/deti-skolniho-veku-jsou-nejcasteji-zavisle-na-chytrem-telefonu\/","about":["Vzd\u011bl\u00e1n\u00ed"],"wordCount":482,"articleBody":"D\u011btitr\u00e1v\u00ed \u010d\u00edm d\u00e1l t\u00edm v\u00edce sv\u00e9ho \u010dasu na telefonech, tabletech, po\u010d\u00edta\u010d\u00edch a dal\u0161\u00edch elektronick\u00fdch za\u0159\u00edzen\u00ed. U\u017e i samotn\u00ed l\u00e9ka\u0159i tvrd\u00ed, \u017ee u\u017e hodina denn\u011b na t\u011bchto za\u0159\u00edzen\u00edch nen\u00ed ide\u00e1ln\u00ed. Tato z\u00e1vislost nejv\u00edce postihuje hlavn\u011b d\u011bti p\u0159ed\u0161koln\u00edho a \u0161koln\u00edho v\u011bku. M\u016f\u017ee b\u00fdt velmi nebezpe\u010dn\u00e1 a m\u016f\u017ee v\u00e9st a\u017e k neklidu, vzteku, z\u00e1porn\u00e9 reakce na omezen\u00ed apod. Nep\u016fsob\u00ed na d\u00edt\u011b pouze psychicky ale taky fyzicky. Dlouh\u00e9 vysed\u00e1v\u00e1n\u00ed u elektroniky, vede a\u017e k omezen\u00ed pohybu a d\u011bti mohou za\u010d\u00edt nab\u00edrat na v\u00e1ze. Za z\u00e1visl\u00e9 pova\u017euj\u00ed odborn\u00edci ty d\u011bti, kter\u00e9 str\u00e1v\u00ed na mobiln\u00edch telefonech \u010di po\u010d\u00edta\u010di v\u00edce jak 35 hodin t\u00fddn\u011b. P\u0159\u00edznak z\u00e1vislosti je nap\u0159\u00edklad to, kdy\u017e d\u00edt\u011b reaguje velmi z\u00e1porn\u011b na omezen\u00ed pou\u017e\u00edv\u00e1n\u00ed t\u011bchto syst\u00e9m\u016f.D\u00e1 se tomuto probl\u00e9mu v\u016fbec zabr\u00e1nit? Odpov\u011b\u010f na tuto ot\u00e1zku zn\u00ed ANO. Velkou zodpov\u011bdnost ale za to mus\u00ed n\u00e9st rodi\u010de, jeliko\u017e sv\u00fdm d\u011btem mus\u00ed vymezit hranice pou\u017e\u00edv\u00e1n\u00ed t\u011bchto za\u0159\u00edzen\u00ed.Z \u010deho tento probl\u00e9m v\u016fbec vznik\u00e1? Na vin\u011b jsou hlavn\u011b rodi\u010de, kte\u0159\u00ed sv\u00fdm d\u011btem nev\u011bnuj\u00ed pozornost a je pro n\u011b lep\u0161\u00ed d\u00edt\u011bti d\u00e1t do rukou mobiln\u00ed telefon a nechat je b\u00fdt, a\u0165 je klid. Pokud rodi\u010de d\u00e1vaj\u00ed telefon do ruky d\u00edt\u011bti, kter\u00e9 je mlad\u0161\u00ed ne\u017e dva roky, m\u011bli by se nad sebou zamyslet, proto\u017ee zde n\u011bco nen\u00ed v po\u0159\u00e1dku. D\u011bti maj\u00ed cht\u00ed\u010d napodobovat sv\u00e9 rodi\u010de a to ve v\u0161ech situac\u00edch. Pokud nap\u0159\u00edklad sebou v\u0161ude nos\u00edme mobiln\u00ed telefon \u010di tablet, je mo\u017en\u00e9, \u017ee d\u00edt\u011b tuto situaci bude jednou tak\u00e9 skute\u010dn\u011b napodobovat.Jak tuto z\u00e1vislost \u0159e\u0161it? Hlavn\u011b s m\u00edrou. D\u011btem p\u0159ed\u0161koln\u00edho v\u011bku, by se dan\u00e1 elektronika m\u011bla dovolovat pouze na hodinu nebo dv\u011b denn\u011b. Kdy\u017e u\u017e d\u011bti nap\u0159\u00edklad mobiln\u00ed telefon mus\u00ed m\u00edt, m\u011bli bychom se sna\u017eit, aby nap\u0159\u00edklad hry, kter\u00e9 na n\u011bm hraj\u00ed, m\u011bly vzd\u011bl\u00e1vac\u00ed nebo z\u00e1bavn\u00fd charakter. Podle psycholog\u016f ale nemus\u00ed tyto za\u0159\u00edzen\u00ed znamenat vylo\u017een\u00e9 zlo, pokud zvol\u00edme nap\u0159\u00edklad \u0161kolu hrou. Co je ale nejd\u016fle\u017eit\u011bj\u0161\u00ed? Hlavn\u011b podporovat fantazii d\u00edt\u011bte a\u0165 u\u017e vym\u00fd\u0161len\u00edm p\u0159\u00edb\u011bh\u016f nebo modelov\u00e1n\u00ed z plastel\u00edny. A jak\u00fd n\u00e1zor na tuto problematiku m\u00e1te vy? Souhlas\u00edte s n\u00e1mi nebo na tohle t\u00e9ma m\u00e1te jin\u00fd n\u00e1zor? Pod\u011blte se o n\u011bj s n\u00e1mi do koment\u00e1\u0159\u016f pod \u010dl\u00e1nkem J.                                                                                                                                                                                                                                                                                                                                                                                         4.7\/5 - (6 votes)        "},{"@context":"https:\/\/schema.org\/","@type":"BreadcrumbList","itemListElement":[{"@type":"ListItem","position":1,"name":"D\u011bti \u0161koln\u00edho v\u011bku jsou nej\u010dast\u011bji z\u00e1visl\u00e9 na chytr\u00e9m telefonu","item":"https:\/\/www.amoresperros.cz\/deti-skolniho-veku-jsou-nejcasteji-zavisle-na-chytrem-telefonu\/#breadcrumbitem"}]}]