[{"@context":"https:\/\/schema.org\/","@type":"Article","@id":"https:\/\/www.amoresperros.cz\/cim-se-lisi-sekcni-garazova-vrata-s-dvermi-od-tech-beznych\/#Article","mainEntityOfPage":"https:\/\/www.amoresperros.cz\/cim-se-lisi-sekcni-garazova-vrata-s-dvermi-od-tech-beznych\/","headline":"\u010c\u00edm se li\u0161\u00ed sek\u010dn\u00ed gar\u00e1\u017eov\u00e1 vrata s dve\u0159mi od t\u011bch b\u011b\u017en\u00fdch","name":"\u010c\u00edm se li\u0161\u00ed sek\u010dn\u00ed gar\u00e1\u017eov\u00e1 vrata s dve\u0159mi od t\u011bch b\u011b\u017en\u00fdch","description":"Asi ka\u017ed\u00fd z n\u00e1s si chce zabezpe\u010dit sv\u016fj automobil jak p\u0159ed vlivy po\u010das\u00ed, tak p\u0159ed zlod\u011bji \u010di vandaly. K tomu n\u00e1m obvykle slou\u017e\u00ed gar\u00e1\u017e. Jej\u00ed <a class=\"mh-excerpt-more\" href=\"https:\/\/www.amoresperros.cz\/cim-se-lisi-sekcni-garazova-vrata-s-dvermi-od-tech-beznych\/\" title=\"\u010c\u00edm se li\u0161\u00ed sek\u010dn\u00ed gar\u00e1\u017eov\u00e1 vrata s dve\u0159mi od t\u011bch b\u011b\u017en\u00fdch\">[...]<\/a>","datePublished":"2020-02-24","dateModified":"2023-04-29","author":{"@type":"Person","@id":"https:\/\/www.amoresperros.cz\/author\/#Person","name":"amoresperros.cz\n","url":"https:\/\/www.amoresperros.cz\/author\/","identifier":1,"image":{"@type":"ImageObject","@id":"https:\/\/secure.gravatar.com\/avatar\/c61c2d82e330ff9c70cf023b4c62d411e8407bcb38f85df591fa270717754b44?s=96&d=mm&r=g","url":"https:\/\/secure.gravatar.com\/avatar\/c61c2d82e330ff9c70cf023b4c62d411e8407bcb38f85df591fa270717754b44?s=96&d=mm&r=g","height":96,"width":96}},"publisher":{"@type":"Organization","name":"amoresperros.cz","logo":{"@type":"ImageObject","@id":"\/logo.png","url":"\/logo.png","width":600,"height":60}},"image":{"@type":"ImageObject","@id":"https:\/\/www.amoresperros.cz\/wp-content\/uploads\/img_a375249_w1888_t1587024105.jpg","url":"https:\/\/www.amoresperros.cz\/wp-content\/uploads\/img_a375249_w1888_t1587024105.jpg","height":0,"width":0},"url":"https:\/\/www.amoresperros.cz\/cim-se-lisi-sekcni-garazova-vrata-s-dvermi-od-tech-beznych\/","about":["Zbo\u017e\u00ed"],"wordCount":442,"articleBody":"  Asi ka\u017ed\u00fd z n\u00e1s si chce zabezpe\u010dit sv\u016fj automobil jak p\u0159ed vlivy po\u010das\u00ed, tak p\u0159ed zlod\u011bji \u010di vandaly. K tomu n\u00e1m obvykle slou\u017e\u00ed gar\u00e1\u017e. Jej\u00ed d\u016fle\u017eitou sou\u010d\u00e1st\u00ed jsou pak vrata. Ta mohou b\u00fdt nejr\u016fzn\u011bj\u0161\u00edch druh\u016f a typ\u016f a li\u0161it se jak zp\u016fsobem otv\u00edr\u00e1n\u00ed, tak materi\u00e1lem, ze kter\u00e9ho jsou vyrobeny. P\u0159\u00edkladem t\u011bch vz\u00e1cn\u011bj\u0161\u00edch mohou b\u00fdt sek\u010dn\u00ed gar\u00e1\u017eov\u00e1 vrata s dve\u0159mi. O co se jedn\u00e1? Nejprve je t\u0159eba si \u0159\u00edci, co jsou to vlastn\u011b b\u011b\u017en\u00e1 sek\u010dn\u00ed vrata a jak vlastn\u011b vypadaj\u00ed. Jedn\u00e1 se o v sou\u010dasn\u00e9 dob\u011b st\u00e1le v\u00edce vyu\u017e\u00edvan\u00fd zp\u016fsob zabezpe\u010den\u00ed gar\u00e1\u017ee. Mohou b\u00fdt vyrobena z kovu nebo z plastu a oproti t\u011bm klasick\u00fdm se li\u0161\u00ed t\u00edm, \u017ee jsou tvarov\u00e1ny  podobn\u011b  jako rolety na oknech \u2013 spousta spojen\u00fdch sekc\u00ed. Odtud tak\u00e9 poch\u00e1z\u00ed jejich n\u00e1zev. To zaji\u0161\u0165uje v\u011bt\u0161\u00ed bezpe\u010dnost, nebo\u0165 nemaj\u00ed slab\u00e9 body, jako je z\u00e1mek nebo k\u0159\u00eddla dve\u0159\u00ed. Obvykle jsou toti\u017e ovl\u00e1d\u00e1na elektronicky, a to bu\u010f ovl\u00e1da\u010dem, kter\u00fd m\u00e1 v ruce \u0159idi\u010d, nebo osobou uvnit\u0159, kter\u00e1 stiskne tla\u010d\u00edtko. Zaj\u00edmav\u00e9 je, \u017ee se neotv\u00edraj\u00ed do stran, jako ty b\u011b\u017en\u00e9, n\u00fdbr\u017e jsou vyta\u017eeny nahoru, podobn\u011b jako pr\u00e1v\u011b rolety. To, jak ji\u017e bylo \u0159e\u010deno, zaji\u0161\u0165uje v\u011bt\u0161\u00ed bezpe\u010dnost, nebo\u0165 to poskytuje m\u00e9n\u011b slab\u00fdch m\u00edst, kter\u00e1 by zlod\u011bji mohli vyu\u017e\u00edt. Ov\u0161em pokud se t\u00fdk\u00e1 typu, kde jsou sou\u010d\u00e1st\u00ed vrat i dve\u0159e, zde je situace pon\u011bkud slo\u017eit\u011bj\u0161\u00ed. Podobn\u011b jako jejich klasick\u00fd bratr se vytahuj\u00ed nahoru, av\u0161ak dve\u0159e, pokud tedy otv\u00edr\u00e1te jen je, maj\u00ed klasick\u00e9 panty. Ty samoz\u0159ejm\u011b mus\u00ed b\u00fdt tak mal\u00e9, aby se ve\u0161ly na jednu sekci vrat a bylo je tak mo\u017en\u00e9 vyt\u00e1hnout nahoru. Je samoz\u0159ejm\u00e9, \u017ee tento typ je pom\u011brn\u011b drah\u00fd, zejm\u00e9na pokud chcete skute\u010dn\u011b kvalitn\u00ed model, kter\u00fd dlouho vydr\u017e\u00ed. Je to jen logick\u00e9, nebo\u0165 jejich v\u00fdroba ani mont\u00e1\u017e nejsou zrovna nejjednodu\u0161\u0161\u00ed. Nav\u00edc se jedn\u00e1 o pom\u011brn\u011b nov\u00fd model a v\u00fdrobce pot\u0159ebuje dostat co nejd\u0159\u00edve zp\u011bt alespo\u0148 \u010d\u00e1st n\u00e1klad\u016f, kter\u00e9 do jejich v\u00fdroby vlo\u017eil. V\u011b\u0159\u00edm v\u0161ak, \u017ee v pr\u016fb\u011bhu let jejich cena klesne a ony se stanou dostupn\u011bj\u0161\u00ed pro \u0161irokou ve\u0159ejnost. Koneckonc\u016f to plat\u00ed o prakticky v\u0161ech technologi\u00edch, tak pro\u010d ne o t\u00e9to?                                                                                                                                                                                                                                                                                                                                                                                         4.4\/5 - (7 votes)        "},{"@context":"https:\/\/schema.org\/","@type":"BreadcrumbList","itemListElement":[{"@type":"ListItem","position":1,"name":"\u010c\u00edm se li\u0161\u00ed sek\u010dn\u00ed gar\u00e1\u017eov\u00e1 vrata s dve\u0159mi od t\u011bch b\u011b\u017en\u00fdch","item":"https:\/\/www.amoresperros.cz\/cim-se-lisi-sekcni-garazova-vrata-s-dvermi-od-tech-beznych\/#breadcrumbitem"}]}]